{"id":544,"date":"2021-06-11T13:14:27","date_gmt":"2021-06-11T13:14:27","guid":{"rendered":"https:\/\/theatreguleor.org.uk\/?p=544"},"modified":"2026-04-16T10:58:07","modified_gmt":"2026-04-16T10:58:07","slug":"rudeiginn-ri-radh","status":"publish","type":"post","link":"https:\/\/theatreguleor.com\/gd\/rudeiginn-ri-radh\/","title":{"rendered":"Rudeigin ri R\u00e0dh"},"content":{"rendered":"\n<div class=\" wp-block-media-text is-stacked-on-mobile is-image-fill-element has-accent-5-background-color has-background eplus-wrapper\" style=\"margin-top:var(--wp--preset--spacing--50);margin-bottom:var(--wp--preset--spacing--60)\"><figure  class=\"wp-block-media-text__media\"><img decoding=\"async\" width=\"1920\" height=\"1080\" alt=\"\" src=\"https:\/\/theatreguleor.com\/wp-content\/uploads\/2025\/06\/Rudeigin-ri-Radh-Landscape.png\" style=\"object-position:50% 50%;\" class=\"wp-image-800 size-full\" srcset=\"https:\/\/theatreguleor.com\/wp-content\/uploads\/2025\/06\/Rudeigin-ri-Radh-Landscape.png 1920w, https:\/\/theatreguleor.com\/wp-content\/uploads\/2025\/06\/Rudeigin-ri-Radh-Landscape-300x169.png 300w, https:\/\/theatreguleor.com\/wp-content\/uploads\/2025\/06\/Rudeigin-ri-Radh-Landscape-1024x576.png 1024w, https:\/\/theatreguleor.com\/wp-content\/uploads\/2025\/06\/Rudeigin-ri-Radh-Landscape-768x432.png 768w, https:\/\/theatreguleor.com\/wp-content\/uploads\/2025\/06\/Rudeigin-ri-Radh-Landscape-50x28.png 50w, https:\/\/theatreguleor.com\/wp-content\/uploads\/2025\/06\/Rudeigin-ri-Radh-Landscape-1600x900.png 1600w, https:\/\/theatreguleor.com\/wp-content\/uploads\/2025\/06\/Rudeigin-ri-Radh-Landscape-1536x864.png 1536w, https:\/\/theatreguleor.com\/wp-content\/uploads\/2025\/06\/Rudeigin-ri-Radh-Landscape-18x10.png 18w\" sizes=\"(max-width: 1920px) 100vw, 1920px\" \/><\/figure><div class=\"wp-block-media-text__content\">\n<div style=\"height:70px\" aria-hidden=\"true\" class=\" wp-block-spacer eplus-wrapper\"><\/div>\n\n\n\n<h2 class=\"wp-block-heading has-accent-2-color has-text-color has-link-color eplus-wrapper wp-elements-0c127044b470cd4aa45791f177cb0e84\" style=\"font-style:normal;font-weight:500\"><mark style=\"background-color:rgba(0, 0, 0, 0)\" class=\"has-inline-color has-contrast-color\"><strong>Rudeigin ri R\u00e0dh<\/strong><\/mark><\/h2>\n\n\n\n<h4 class=\" wp-block-heading eplus-wrapper\"><strong>In partnership with BBC Radio nan G\u00e0idheal<\/strong><\/h4>\n\n\n\n<p class=\" eplus-wrapper\">A series of four stand alone radio dramas by four Gaelic voices with something to say: Elspeth Turner, Iain MacR\u00e0th, M\u00e0rtainn Mac an t-Saoir and Martin O\u2019Connor.<\/p>\n\n\n\n<div style=\"height:70px\" aria-hidden=\"true\" class=\" wp-block-spacer eplus-wrapper\"><\/div>\n<\/div><\/div>\n\n\n\n<div class=\"wp-block-ep-toggles ep_toggles_wrapper__7e0ada43-db23-41a0-b7bf-969115272a24 undefined\"><div data-isaccordion=\"false\" data-open_first=\"false\" class=\"ep_toggles_wrapper \">\n<div class=\"wp-block-ep-toggle-item ep_toggle_item_wrapper__0f46b805-bb67-4790-9ba2-68fbf28bbfe5 undefined\"><div class=\"ep_toggle_item_wrapper\"><div class=\"ep_toggle_item_title\"><span>Danns a\u2019 Rathaid<\/span><span class=\"ep_toggles_icon eplusicon-plus1\" data-icon=\"eplusicon-plus1\" data-activeicon=\"eplusicon-minus1\"><\/span><\/div><div class=\"ep_toggle_item_content\">\n<p class=\"has-contrast-color has-text-color has-link-color has-medium-font-size eplus-wrapper wp-elements-735fc3b2ddf68023b720601b67a46e21\"><strong>By Elspeth Turner<\/strong><\/p>\n\n\n\n<p class=\" has-medium-font-size eplus-wrapper\">Anna lives alone, rarely speaking to anyone else, until something happens that forces her to strike up a friendship with a woman to whom she has a far closer connection that she initially thought. This a melancholy story about the struggle of a young dancer in London in the 1950s weaves together different themes such as the desire to move on, ancestry, and separation, through this unexpected connection, and the beautiful music of Swan Lake.<\/p>\n\n\n\n<p class=\"has-contrast-color has-text-color has-link-color has-medium-font-size eplus-wrapper wp-elements-6c4cefa954bb6d9dad4687544871461a\"><strong>Cast: <\/strong>Elspeth Turner and M\u00e0iri Morrison<\/p>\n<\/div><\/div><\/div>\n\n\n\n<div class=\"wp-block-ep-toggle-item ep_toggle_item_wrapper__cb8b6db4-3801-4aba-b5f8-960dd6956e60 undefined\"><div class=\"ep_toggle_item_wrapper\"><div class=\"ep_toggle_item_title\"><span>Panalof<\/span><span class=\"ep_toggles_icon eplusicon-plus1\" data-icon=\"eplusicon-plus1\" data-activeicon=\"eplusicon-minus1\"><\/span><\/div><div class=\"ep_toggle_item_content\">\n<p class=\"has-contrast-color has-text-color has-link-color has-medium-font-size eplus-wrapper wp-elements-3917c2d1ba5f09224a5196498bdd94ab\"><strong>By Iain MacRae<\/strong><\/p>\n\n\n\n<p class=\" has-medium-font-size eplus-wrapper\">Many academics have debated where the Lewis Chessmen came from. This comedy, set in the National Museum, considers not only where they came from, but where they are going. As soon as the lights go off, the chessmen escape, and nobody except the two pawns know what they\u2019ve got planned. There\u2019s only one problem &#8211; there\u2019s no sign of the rest of the chessmen, and without anyone to give them permission to move, how will they make their way home?<\/p>\n\n\n\n<p class=\" has-medium-font-size eplus-wrapper\"><strong>Cast:<\/strong> Iain MacRae and Daibhidh Walker.<\/p>\n<\/div><\/div><\/div>\n\n\n\n<div class=\"wp-block-ep-toggle-item ep_toggle_item_wrapper__24b8bc2d-187e-42fa-aa1a-1e7374fa0f2b undefined\"><div class=\"ep_toggle_item_wrapper\"><div class=\"ep_toggle_item_title\"><span>R\u00f9intean M\u00e0iri Iain Mh\u00f2ir<\/span><span class=\"ep_toggles_icon eplusicon-plus1\" data-icon=\"eplusicon-plus1\" data-activeicon=\"eplusicon-minus1\"><\/span><\/div><div class=\"ep_toggle_item_content\">\n<p class=\"has-contrast-color has-text-color has-link-color has-medium-font-size eplus-wrapper wp-elements-ba99b210cf71180e939d4827f66a1211\"><strong>By Martin MacIntyre<\/strong><\/p>\n\n\n\n<p class=\" has-medium-font-size eplus-wrapper\">Though Covid-19 has turned everyone\u2019s world upside down, leaving us uneasy and unsettled, we try and keep our spirits up by looking forward to a time when all this is over. But what impact has this lockdown had on our dead? This is a play about hope, loss, and love, set in the Western Isles, and with music that make the Uist landscape &#8211; and the dead! &#8211; come to life.<\/p>\n\n\n\n<p class=\"has-contrast-color has-text-color has-link-color has-medium-font-size eplus-wrapper wp-elements-e121e6544392490f457b2b8e5274932f\"><strong>Cast:<\/strong> Mairi Morrison and Calum MacDonald<\/p>\n<\/div><\/div><\/div>\n\n\n\n<div class=\"wp-block-ep-toggle-item ep_toggle_item_wrapper__d3f9c0b1-5a56-45a0-bcc3-7001b45beda9 undefined\"><div class=\"ep_toggle_item_wrapper\"><div class=\"ep_toggle_item_title\"><span>\u00c8irigh<\/span><span class=\"ep_toggles_icon eplusicon-plus1\" data-icon=\"eplusicon-plus1\" data-activeicon=\"eplusicon-minus1\"><\/span><\/div><div class=\"ep_toggle_item_content\">\n<p class=\"has-contrast-color has-text-color has-link-color has-medium-font-size eplus-wrapper wp-elements-d83551de340ea2552bedc0c387a6e2a0\"><strong>By Martin O\u2019 Connor<\/strong><\/p>\n\n\n\n<p class=\" has-medium-font-size eplus-wrapper\">\u00c8irigh explores the effect that climate chance could have on a small Scottish island, and on the life of one man as he tries to make a difference and save his family from the rising sea. Many of the things Martin O\u2019Connor often explores in his work &#8211; masculinity, faith, monologue, comedy &#8211; feature in this new short radio play.<\/p>\n\n\n\n<p class=\"has-contrast-color has-text-color has-link-color has-medium-font-size eplus-wrapper wp-elements-ab35ba09c5bd747e4c5dc6e65fd691aa\"><strong>Cast:<\/strong> Daibhidh Walker<\/p>\n<\/div><\/div><\/div>\n\n\n\n<div class=\"wp-block-ep-toggle-item ep_toggle_item_wrapper__19f7f1a7-1df5-4c83-910c-b636384190b7 undefined\"><div class=\"ep_toggle_item_wrapper\"><div class=\"ep_toggle_item_title\"><span>Cast &amp; Creative Team<\/span><span class=\"ep_toggles_icon eplusicon-plus1\" data-icon=\"eplusicon-plus1\" data-activeicon=\"eplusicon-minus1\"><\/span><\/div><div class=\"ep_toggle_item_content\">\n<p class=\"has-contrast-color has-text-color has-link-color has-medium-font-size eplus-wrapper wp-elements-b379ae6abbe3e6c8229df78d9436da29\"><strong>Director<\/strong> &#8211; Muireann Kelly<br><strong>Sound Designer and Editor<\/strong> &#8211; Matt Padden<br><strong>Music <\/strong>&#8211; P\u00e0druig Moireasdan<br><strong>Harp<\/strong> &#8211; Malachy Arnold<br><strong>Dramaturgy<\/strong> &#8211; Lynda Radley, Iain Finlay MacLeod, Oliver Emanuel and Catr\u00econa Lexy Campbell<br><strong>Studio Producer<\/strong> &#8211; Catriona Mhoireach<br><strong>Sound Engineer<\/strong> &#8211; Sara Mattinson<br><strong>Producer<\/strong> &#8211; Annella NicLe\u00f2id<br><strong>Assistant Commissioner<\/strong> &#8211; Calum McConnell<br><strong>Co-ordinator<\/strong> &#8211; Rhona NicDh\u00f9ghaill<\/p>\n<\/div><\/div><\/div>\n\n\n\n<div class=\"wp-block-ep-toggle-item ep_toggle_item_wrapper__619ce1ac-adb3-4b20-966e-627d6472fdcc undefined\"><div class=\"ep_toggle_item_wrapper\"><div class=\"ep_toggle_item_title\"><span>Supported by<\/span><span class=\"ep_toggles_icon eplusicon-plus1\" data-icon=\"eplusicon-plus1\" data-activeicon=\"eplusicon-minus1\"><\/span><\/div><div class=\"ep_toggle_item_content\">\n<p class=\"has-contrast-color has-text-color has-link-color has-medium-font-size eplus-wrapper wp-elements-9aba36cef9693e4675daa5458f06698e\">Creative Scotland&nbsp;<br>B\u00f2rd na G\u00e0idhlig<\/p>\n<\/div><\/div><\/div>\n<\/div><style>.eplus_styles .ep_toggles_wrapper__7e0ada43-db23-41a0-b7bf-969115272a24 .ep_toggles_wrapper {\n                \n                grid-template-columns: repeat(1 , 1fr) ;\n            }\n            \n\n        \n\n         \n\n        \n            .eplus_styles .ep_toggles_wrapper__7e0ada43-db23-41a0-b7bf-969115272a24 .ep_toggles_wrapper:hover {\n                grid-template-columns: repeat(undefined , 1fr) ;\n            }.eplus_styles .ep_toggles_wrapper__7e0ada43-db23-41a0-b7bf-969115272a24 .wp-block-ep-toggle-item, [data-type='ep\/toggle-item'] {\n                \n                grid-template-columns: 100% ;\n            }.eplus_styles .ep_toggles_wrapper__7e0ada43-db23-41a0-b7bf-969115272a24 .wp-block-ep-toggle-item, [data-type='ep\/toggle-item'] {\n                \n                justify-content: center;\n            }.eplus_styles .ep_toggles_wrapper__7e0ada43-db23-41a0-b7bf-969115272a24 .ep_toggles_wrapper {\n                \n                grid-gap: 15px ;\n            }.eplus_styles .ep_toggles_wrapper__7e0ada43-db23-41a0-b7bf-969115272a24 .ep_toggle_item_title {\n                \n                font-weight: 600;\ntext-transform: uppercase;\nfont-size: 17px ;\n            }.eplus_styles .ep_toggles_wrapper__7e0ada43-db23-41a0-b7bf-969115272a24 .ep_toggle_item_title {\n                \n                padding-top: 15px ;\npadding-right: 15px ;\npadding-bottom: 15px ;\npadding-left: 15px ;\n            }.eplus_styles .ep_toggles_wrapper__7e0ada43-db23-41a0-b7bf-969115272a24 .ep_toggle_item_content {\n                \n                padding-top: 15px ;\npadding-right: 15px ;\npadding-bottom: 15px ;\npadding-left: 15px ;\n            }<\/style><\/div>\n","protected":false},"excerpt":{"rendered":"<p>After they took part in a development program for radio drama writing, the opportunity was given to four writers among twelve to strengthen their scripts and record their work in collaboration with BBC Radio nan Gaidheal.<\/p>","protected":false},"author":1,"featured_media":800,"comment_status":"closed","ping_status":"open","sticky":false,"template":"","format":"standard","meta":{"footnotes":""},"categories":[103],"tags":[],"class_list":["post-544","post","type-post","status-publish","format-standard","has-post-thumbnail","hentry","category-past-productions"],"yoast_head":"<!-- This site is optimized with the Yoast SEO plugin v27.4 - https:\/\/yoast.com\/product\/yoast-seo-wordpress\/ -->\n<title>Rudeigin ri R\u00e0dh - Theatre Gu Le\u00f2r<\/title>\n<meta name=\"robots\" content=\"index, follow, max-snippet:-1, max-image-preview:large, max-video-preview:-1\" \/>\n<link rel=\"canonical\" href=\"https:\/\/theatreguleor.com\/gd\/rudeiginn-ri-radh\/\" \/>\n<meta property=\"og:locale\" content=\"en_US\" \/>\n<meta property=\"og:type\" content=\"article\" \/>\n<meta property=\"og:title\" content=\"Rudeigin ri R\u00e0dh - Theatre Gu Le\u00f2r\" \/>\n<meta property=\"og:description\" content=\"After they took part in a development program for radio drama writing, the opportunity was given to four writers among twelve to strengthen their scripts and record their work in collaboration with BBC Radio nan Gaidheal.\" \/>\n<meta property=\"og:url\" content=\"https:\/\/theatreguleor.com\/gd\/rudeiginn-ri-radh\/\" \/>\n<meta property=\"og:site_name\" content=\"Theatre Gu Le\u00f2r\" \/>\n<meta property=\"article:publisher\" content=\"https:\/\/www.facebook.com\/theatreguleor\" \/>\n<meta property=\"article:published_time\" content=\"2021-06-11T13:14:27+00:00\" \/>\n<meta property=\"article:modified_time\" content=\"2026-04-16T10:58:07+00:00\" \/>\n<meta property=\"og:image\" content=\"https:\/\/theatreguleor.com\/wp-content\/uploads\/2025\/06\/Rudeigin-ri-Radh-Landscape-1024x576.png\" \/>\n\t<meta property=\"og:image:width\" content=\"1024\" \/>\n\t<meta property=\"og:image:height\" content=\"576\" \/>\n\t<meta property=\"og:image:type\" content=\"image\/png\" \/>\n<meta name=\"author\" content=\"admin\" \/>\n<meta name=\"twitter:card\" content=\"summary_large_image\" \/>\n<meta name=\"twitter:label1\" content=\"Written by\" \/>\n\t<meta name=\"twitter:data1\" content=\"admin\" \/>\n\t<meta name=\"twitter:label2\" content=\"Est. reading time\" \/>\n\t<meta name=\"twitter:data2\" content=\"3 minutes\" \/>\n<script type=\"application\/ld+json\" class=\"yoast-schema-graph\">{\"@context\":\"https:\\\/\\\/schema.org\",\"@graph\":[{\"@type\":\"Article\",\"@id\":\"https:\\\/\\\/theatreguleor.com\\\/rudeiginn-ri-radh\\\/#article\",\"isPartOf\":{\"@id\":\"https:\\\/\\\/theatreguleor.com\\\/rudeiginn-ri-radh\\\/\"},\"author\":{\"name\":\"admin\",\"@id\":\"https:\\\/\\\/theatreguleor.com\\\/#\\\/schema\\\/person\\\/dd3373f5fc313507996747d41669b404\"},\"headline\":\"Rudeigin ri R\u00e0dh\",\"datePublished\":\"2021-06-11T13:14:27+00:00\",\"dateModified\":\"2026-04-16T10:58:07+00:00\",\"mainEntityOfPage\":{\"@id\":\"https:\\\/\\\/theatreguleor.com\\\/rudeiginn-ri-radh\\\/\"},\"wordCount\":457,\"publisher\":{\"@id\":\"https:\\\/\\\/theatreguleor.com\\\/#organization\"},\"image\":{\"@id\":\"https:\\\/\\\/theatreguleor.com\\\/rudeiginn-ri-radh\\\/#primaryimage\"},\"thumbnailUrl\":\"https:\\\/\\\/theatreguleor.com\\\/wp-content\\\/uploads\\\/2025\\\/06\\\/Rudeigin-ri-Radh-Landscape.png\",\"articleSection\":[\"Past Productions\"],\"inLanguage\":\"gd\"},{\"@type\":\"WebPage\",\"@id\":\"https:\\\/\\\/theatreguleor.com\\\/rudeiginn-ri-radh\\\/\",\"url\":\"https:\\\/\\\/theatreguleor.com\\\/rudeiginn-ri-radh\\\/\",\"name\":\"Rudeigin ri R\u00e0dh - Theatre Gu Le\u00f2r\",\"isPartOf\":{\"@id\":\"https:\\\/\\\/theatreguleor.com\\\/#website\"},\"primaryImageOfPage\":{\"@id\":\"https:\\\/\\\/theatreguleor.com\\\/rudeiginn-ri-radh\\\/#primaryimage\"},\"image\":{\"@id\":\"https:\\\/\\\/theatreguleor.com\\\/rudeiginn-ri-radh\\\/#primaryimage\"},\"thumbnailUrl\":\"https:\\\/\\\/theatreguleor.com\\\/wp-content\\\/uploads\\\/2025\\\/06\\\/Rudeigin-ri-Radh-Landscape.png\",\"datePublished\":\"2021-06-11T13:14:27+00:00\",\"dateModified\":\"2026-04-16T10:58:07+00:00\",\"breadcrumb\":{\"@id\":\"https:\\\/\\\/theatreguleor.com\\\/rudeiginn-ri-radh\\\/#breadcrumb\"},\"inLanguage\":\"gd\",\"potentialAction\":[{\"@type\":\"ReadAction\",\"target\":[\"https:\\\/\\\/theatreguleor.com\\\/rudeiginn-ri-radh\\\/\"]}]},{\"@type\":\"ImageObject\",\"inLanguage\":\"gd\",\"@id\":\"https:\\\/\\\/theatreguleor.com\\\/rudeiginn-ri-radh\\\/#primaryimage\",\"url\":\"https:\\\/\\\/theatreguleor.com\\\/wp-content\\\/uploads\\\/2025\\\/06\\\/Rudeigin-ri-Radh-Landscape.png\",\"contentUrl\":\"https:\\\/\\\/theatreguleor.com\\\/wp-content\\\/uploads\\\/2025\\\/06\\\/Rudeigin-ri-Radh-Landscape.png\",\"width\":1920,\"height\":1080},{\"@type\":\"BreadcrumbList\",\"@id\":\"https:\\\/\\\/theatreguleor.com\\\/rudeiginn-ri-radh\\\/#breadcrumb\",\"itemListElement\":[{\"@type\":\"ListItem\",\"position\":1,\"name\":\"Home\",\"item\":\"https:\\\/\\\/theatreguleor.com\\\/\"},{\"@type\":\"ListItem\",\"position\":2,\"name\":\"Rudeigin ri R\u00e0dh\"}]},{\"@type\":\"WebSite\",\"@id\":\"https:\\\/\\\/theatreguleor.com\\\/#website\",\"url\":\"https:\\\/\\\/theatreguleor.com\\\/\",\"name\":\"Theatre Gu Le\u00f2r\",\"description\":\"Contemporary G\u00e0idhlig Theatre\",\"publisher\":{\"@id\":\"https:\\\/\\\/theatreguleor.com\\\/#organization\"},\"potentialAction\":[{\"@type\":\"SearchAction\",\"target\":{\"@type\":\"EntryPoint\",\"urlTemplate\":\"https:\\\/\\\/theatreguleor.com\\\/?s={search_term_string}\"},\"query-input\":{\"@type\":\"PropertyValueSpecification\",\"valueRequired\":true,\"valueName\":\"search_term_string\"}}],\"inLanguage\":\"gd\"},{\"@type\":\"Organization\",\"@id\":\"https:\\\/\\\/theatreguleor.com\\\/#organization\",\"name\":\"Theatre Gu Le\u00f2r\",\"url\":\"https:\\\/\\\/theatreguleor.com\\\/\",\"logo\":{\"@type\":\"ImageObject\",\"inLanguage\":\"gd\",\"@id\":\"https:\\\/\\\/theatreguleor.com\\\/#\\\/schema\\\/logo\\\/image\\\/\",\"url\":\"https:\\\/\\\/theatreguleor.com\\\/wp-content\\\/uploads\\\/2025\\\/10\\\/theatreuleorlogo.png\",\"contentUrl\":\"https:\\\/\\\/theatreguleor.com\\\/wp-content\\\/uploads\\\/2025\\\/10\\\/theatreuleorlogo.png\",\"width\":386,\"height\":84,\"caption\":\"Theatre Gu Le\u00f2r\"},\"image\":{\"@id\":\"https:\\\/\\\/theatreguleor.com\\\/#\\\/schema\\\/logo\\\/image\\\/\"},\"sameAs\":[\"https:\\\/\\\/www.facebook.com\\\/theatreguleor\",\"https:\\\/\\\/www.instagram.com\\\/theatre.gu.leor\"]},{\"@type\":\"Person\",\"@id\":\"https:\\\/\\\/theatreguleor.com\\\/#\\\/schema\\\/person\\\/dd3373f5fc313507996747d41669b404\",\"name\":\"admin\",\"image\":{\"@type\":\"ImageObject\",\"inLanguage\":\"gd\",\"@id\":\"https:\\\/\\\/secure.gravatar.com\\\/avatar\\\/8ffb9b7c69a09271502268cde44eeb847ea81be769d6555bcf48bf5bd65fa1af?s=96&d=mm&r=g\",\"url\":\"https:\\\/\\\/secure.gravatar.com\\\/avatar\\\/8ffb9b7c69a09271502268cde44eeb847ea81be769d6555bcf48bf5bd65fa1af?s=96&d=mm&r=g\",\"contentUrl\":\"https:\\\/\\\/secure.gravatar.com\\\/avatar\\\/8ffb9b7c69a09271502268cde44eeb847ea81be769d6555bcf48bf5bd65fa1af?s=96&d=mm&r=g\",\"caption\":\"admin\"},\"sameAs\":[\"https:\\\/\\\/theatreguleor.com\"],\"url\":\"https:\\\/\\\/theatreguleor.com\\\/gd\\\/author\\\/theatreguleororg\\\/\"}]}<\/script>\n<!-- \/ Yoast SEO plugin. -->","yoast_head_json":{"title":"Rudeigin ri R\u00e0dh - Theatre Gu Le\u00f2r","robots":{"index":"index","follow":"follow","max-snippet":"max-snippet:-1","max-image-preview":"max-image-preview:large","max-video-preview":"max-video-preview:-1"},"canonical":"https:\/\/theatreguleor.com\/gd\/rudeiginn-ri-radh\/","og_locale":"en_US","og_type":"article","og_title":"Rudeigin ri R\u00e0dh - Theatre Gu Le\u00f2r","og_description":"After they took part in a development program for radio drama writing, the opportunity was given to four writers among twelve to strengthen their scripts and record their work in collaboration with BBC Radio nan Gaidheal.","og_url":"https:\/\/theatreguleor.com\/gd\/rudeiginn-ri-radh\/","og_site_name":"Theatre Gu Le\u00f2r","article_publisher":"https:\/\/www.facebook.com\/theatreguleor","article_published_time":"2021-06-11T13:14:27+00:00","article_modified_time":"2026-04-16T10:58:07+00:00","og_image":[{"width":1024,"height":576,"url":"https:\/\/theatreguleor.com\/wp-content\/uploads\/2025\/06\/Rudeigin-ri-Radh-Landscape-1024x576.png","type":"image\/png"}],"author":"admin","twitter_card":"summary_large_image","twitter_misc":{"Written by":"admin","Est. reading time":"3 minutes"},"schema":{"@context":"https:\/\/schema.org","@graph":[{"@type":"Article","@id":"https:\/\/theatreguleor.com\/rudeiginn-ri-radh\/#article","isPartOf":{"@id":"https:\/\/theatreguleor.com\/rudeiginn-ri-radh\/"},"author":{"name":"admin","@id":"https:\/\/theatreguleor.com\/#\/schema\/person\/dd3373f5fc313507996747d41669b404"},"headline":"Rudeigin ri R\u00e0dh","datePublished":"2021-06-11T13:14:27+00:00","dateModified":"2026-04-16T10:58:07+00:00","mainEntityOfPage":{"@id":"https:\/\/theatreguleor.com\/rudeiginn-ri-radh\/"},"wordCount":457,"publisher":{"@id":"https:\/\/theatreguleor.com\/#organization"},"image":{"@id":"https:\/\/theatreguleor.com\/rudeiginn-ri-radh\/#primaryimage"},"thumbnailUrl":"https:\/\/theatreguleor.com\/wp-content\/uploads\/2025\/06\/Rudeigin-ri-Radh-Landscape.png","articleSection":["Past Productions"],"inLanguage":"gd"},{"@type":"WebPage","@id":"https:\/\/theatreguleor.com\/rudeiginn-ri-radh\/","url":"https:\/\/theatreguleor.com\/rudeiginn-ri-radh\/","name":"Rudeigin ri R\u00e0dh - Theatre Gu Le\u00f2r","isPartOf":{"@id":"https:\/\/theatreguleor.com\/#website"},"primaryImageOfPage":{"@id":"https:\/\/theatreguleor.com\/rudeiginn-ri-radh\/#primaryimage"},"image":{"@id":"https:\/\/theatreguleor.com\/rudeiginn-ri-radh\/#primaryimage"},"thumbnailUrl":"https:\/\/theatreguleor.com\/wp-content\/uploads\/2025\/06\/Rudeigin-ri-Radh-Landscape.png","datePublished":"2021-06-11T13:14:27+00:00","dateModified":"2026-04-16T10:58:07+00:00","breadcrumb":{"@id":"https:\/\/theatreguleor.com\/rudeiginn-ri-radh\/#breadcrumb"},"inLanguage":"gd","potentialAction":[{"@type":"ReadAction","target":["https:\/\/theatreguleor.com\/rudeiginn-ri-radh\/"]}]},{"@type":"ImageObject","inLanguage":"gd","@id":"https:\/\/theatreguleor.com\/rudeiginn-ri-radh\/#primaryimage","url":"https:\/\/theatreguleor.com\/wp-content\/uploads\/2025\/06\/Rudeigin-ri-Radh-Landscape.png","contentUrl":"https:\/\/theatreguleor.com\/wp-content\/uploads\/2025\/06\/Rudeigin-ri-Radh-Landscape.png","width":1920,"height":1080},{"@type":"BreadcrumbList","@id":"https:\/\/theatreguleor.com\/rudeiginn-ri-radh\/#breadcrumb","itemListElement":[{"@type":"ListItem","position":1,"name":"Home","item":"https:\/\/theatreguleor.com\/"},{"@type":"ListItem","position":2,"name":"Rudeigin ri R\u00e0dh"}]},{"@type":"WebSite","@id":"https:\/\/theatreguleor.com\/#website","url":"https:\/\/theatreguleor.com\/","name":"Theatre Gu Le\u00f2r","description":"Contemporary G\u00e0idhlig Theatre","publisher":{"@id":"https:\/\/theatreguleor.com\/#organization"},"potentialAction":[{"@type":"SearchAction","target":{"@type":"EntryPoint","urlTemplate":"https:\/\/theatreguleor.com\/?s={search_term_string}"},"query-input":{"@type":"PropertyValueSpecification","valueRequired":true,"valueName":"search_term_string"}}],"inLanguage":"gd"},{"@type":"Organization","@id":"https:\/\/theatreguleor.com\/#organization","name":"Theatre Gu Le\u00f2r","url":"https:\/\/theatreguleor.com\/","logo":{"@type":"ImageObject","inLanguage":"gd","@id":"https:\/\/theatreguleor.com\/#\/schema\/logo\/image\/","url":"https:\/\/theatreguleor.com\/wp-content\/uploads\/2025\/10\/theatreuleorlogo.png","contentUrl":"https:\/\/theatreguleor.com\/wp-content\/uploads\/2025\/10\/theatreuleorlogo.png","width":386,"height":84,"caption":"Theatre Gu Le\u00f2r"},"image":{"@id":"https:\/\/theatreguleor.com\/#\/schema\/logo\/image\/"},"sameAs":["https:\/\/www.facebook.com\/theatreguleor","https:\/\/www.instagram.com\/theatre.gu.leor"]},{"@type":"Person","@id":"https:\/\/theatreguleor.com\/#\/schema\/person\/dd3373f5fc313507996747d41669b404","name":"admin","image":{"@type":"ImageObject","inLanguage":"gd","@id":"https:\/\/secure.gravatar.com\/avatar\/8ffb9b7c69a09271502268cde44eeb847ea81be769d6555bcf48bf5bd65fa1af?s=96&d=mm&r=g","url":"https:\/\/secure.gravatar.com\/avatar\/8ffb9b7c69a09271502268cde44eeb847ea81be769d6555bcf48bf5bd65fa1af?s=96&d=mm&r=g","contentUrl":"https:\/\/secure.gravatar.com\/avatar\/8ffb9b7c69a09271502268cde44eeb847ea81be769d6555bcf48bf5bd65fa1af?s=96&d=mm&r=g","caption":"admin"},"sameAs":["https:\/\/theatreguleor.com"],"url":"https:\/\/theatreguleor.com\/gd\/author\/theatreguleororg\/"}]}},"_links":{"self":[{"href":"https:\/\/theatreguleor.com\/gd\/wp-json\/wp\/v2\/posts\/544","targetHints":{"allow":["GET"]}}],"collection":[{"href":"https:\/\/theatreguleor.com\/gd\/wp-json\/wp\/v2\/posts"}],"about":[{"href":"https:\/\/theatreguleor.com\/gd\/wp-json\/wp\/v2\/types\/post"}],"author":[{"embeddable":true,"href":"https:\/\/theatreguleor.com\/gd\/wp-json\/wp\/v2\/users\/1"}],"replies":[{"embeddable":true,"href":"https:\/\/theatreguleor.com\/gd\/wp-json\/wp\/v2\/comments?post=544"}],"version-history":[{"count":12,"href":"https:\/\/theatreguleor.com\/gd\/wp-json\/wp\/v2\/posts\/544\/revisions"}],"predecessor-version":[{"id":1174,"href":"https:\/\/theatreguleor.com\/gd\/wp-json\/wp\/v2\/posts\/544\/revisions\/1174"}],"wp:featuredmedia":[{"embeddable":true,"href":"https:\/\/theatreguleor.com\/gd\/wp-json\/wp\/v2\/media\/800"}],"wp:attachment":[{"href":"https:\/\/theatreguleor.com\/gd\/wp-json\/wp\/v2\/media?parent=544"}],"wp:term":[{"taxonomy":"category","embeddable":true,"href":"https:\/\/theatreguleor.com\/gd\/wp-json\/wp\/v2\/categories?post=544"},{"taxonomy":"post_tag","embeddable":true,"href":"https:\/\/theatreguleor.com\/gd\/wp-json\/wp\/v2\/tags?post=544"}],"curies":[{"name":"wp","href":"https:\/\/api.w.org\/{rel}","templated":true}]}}