{"id":390,"date":"2025-03-17T16:13:54","date_gmt":"2025-03-17T16:13:54","guid":{"rendered":"https:\/\/theatreguleor.org.uk\/?p=390"},"modified":"2026-04-16T10:57:56","modified_gmt":"2026-04-16T10:57:56","slug":"strabang","status":"publish","type":"post","link":"https:\/\/theatreguleor.com\/gd\/strabang\/","title":{"rendered":"Strabang!"},"content":{"rendered":"<div class=\"wp-block-media-text is-stacked-on-mobile has-accent-5-background-color has-background eplus-wrapper\"><figure class=\"wp-block-media-text__media\"><img decoding=\"async\" width=\"1024\" height=\"681\" src=\"https:\/\/theatreguleor.com\/wp-content\/uploads\/2025\/03\/2-Strabang-Oban-credit-Etive-Photography-1024x681.jpg\" alt=\"\" class=\"wp-image-1049 size-full\" srcset=\"https:\/\/theatreguleor.com\/wp-content\/uploads\/2025\/03\/2-Strabang-Oban-credit-Etive-Photography-1024x681.jpg 1024w, https:\/\/theatreguleor.com\/wp-content\/uploads\/2025\/03\/2-Strabang-Oban-credit-Etive-Photography-300x200.jpg 300w, https:\/\/theatreguleor.com\/wp-content\/uploads\/2025\/03\/2-Strabang-Oban-credit-Etive-Photography-768x511.jpg 768w, https:\/\/theatreguleor.com\/wp-content\/uploads\/2025\/03\/2-Strabang-Oban-credit-Etive-Photography-50x33.jpg 50w, https:\/\/theatreguleor.com\/wp-content\/uploads\/2025\/03\/2-Strabang-Oban-credit-Etive-Photography-1600x1065.jpg 1600w, https:\/\/theatreguleor.com\/wp-content\/uploads\/2025\/03\/2-Strabang-Oban-credit-Etive-Photography-1536x1022.jpg 1536w, https:\/\/theatreguleor.com\/wp-content\/uploads\/2025\/03\/2-Strabang-Oban-credit-Etive-Photography-18x12.jpg 18w, https:\/\/theatreguleor.com\/wp-content\/uploads\/2025\/03\/2-Strabang-Oban-credit-Etive-Photography.jpg 2000w\" sizes=\"(max-width: 1024px) 100vw, 1024px\" \/><\/figure><div class=\"wp-block-media-text__content\">\n<div style=\"height:20px\" aria-hidden=\"true\" class=\"wp-block-spacer eplus-wrapper\"><\/div>\n\n\n\n<h2 class=\"wp-block-heading eplus-wrapper\">MU DHEIDHINN STRABANG!<\/h2>\n\n\n\n<p class=\"eplus-wrapper\">\u2019S e T\u00e8atar \u00d2igridh N\u00e0iseanta na G\u00e0idhlig a th\u2019 ann an Strabang! \u2013 cothrom brosnachail do dh\u2019\u00f2igridh bho air feadh na d\u00f9thcha p\u00e0irt a ghabhail ann am buidheann dr\u00e0ma tro shreath de bh\u00f9ithtean-obrach dr\u00e0ma G\u00e0idhlig ann an taighean-cluiche air feadh Alba.<\/p>\n\n\n\n<p class=\"eplus-wrapper\">Eadar an t-Sultain agus am M\u00e0rt, thig na com-p\u00e0irtichean c\u00f2mhla gus dr\u00e0ma ionnsachadh tro mheadhan na G\u00e0idhlig, tadhal air diofar sg\u00ecrean agus dealbh-chluich a chruthachadh is a chur air an \u00e0rd-\u00f9rlar.<\/p>\n\n\n\n<div style=\"height:20px\" aria-hidden=\"true\" class=\"wp-block-spacer eplus-wrapper\"><\/div>\n<\/div><\/div>\n\n\n\n<div style=\"height:20px\" aria-hidden=\"true\" class=\"wp-block-spacer eplus-wrapper\"><\/div>\n\n\n\n<blockquote class=\"wp-block-quote has-text-align-center has-custom-transparent-magenta-ii-background-color has-background eplus-wrapper is-layout-flow wp-block-quote-is-layout-flow\">\n<p class=\"eplus-wrapper\">\u201cCaraidean \u00f9ra, a\u2019 leasachadh mo Gh\u00e0idhlig, a\u2019 siubhal mun cuairt Alba, tha e uile d\u00ecreach sgoinneal!\u201d<\/p>\n\n\n\n<p class=\"eplus-wrapper\"><em>Com-P\u00e0irtiche 2023-2024<\/em><\/p>\n<\/blockquote>\n\n\n\n<div style=\"height:20px\" aria-hidden=\"true\" class=\"wp-block-spacer eplus-wrapper\"><\/div>\n\n\n\n<h2 class=\"wp-block-heading eplus-wrapper\">D\u00c8 AS \u00d9R AM BLIADHNA?<\/h2>\n\n\n\n<p class=\"eplus-wrapper\">Tha Strabang a' f\u00e0s!<\/p>\n\n\n\n<p class=\"eplus-wrapper\">Airson a\u2019 chiad uair, bidh buidheann s\u00f2nraichte air an ruith sna h-Eileanan an Iar, AN t-Eilean Sgiathanach agus air T\u00ecr M\u00f2r, le b\u00f9ithtean-obrach a\u2019 dol air adhart anns gach sg\u00ecre mus tig iad c\u00f2mhla airson deireadh sheachdain san Ghearran agus taisbeanadh sa Mh\u00e0rt.<\/p>\n\n\n\n<div style=\"height:20px\" aria-hidden=\"true\" class=\"wp-block-spacer eplus-wrapper\"><\/div>\n\n\n\n<blockquote class=\"wp-block-quote has-text-align-center has-custom-transparent-magenta-ii-background-color has-background eplus-wrapper is-layout-flow wp-block-quote-is-layout-flow\">\n<p class=\"eplus-wrapper\">\u201cCaraidean, rehearsals, gossip anns a gh\u00e0idhlig , a bruidhinn g\u00e0idhlig ann an d\u00f2igh sp\u00f2rsail.\u201d<\/p>\n\n\n\n<p class=\"eplus-wrapper\"><em>Com-P\u00e0irtiche 2023-2024<\/em><\/p>\n<\/blockquote>\n\n\n\n<div style=\"height:20px\" aria-hidden=\"true\" class=\"wp-block-spacer eplus-wrapper\"><\/div>\n\n\n\n<h2 class=\"wp-block-heading eplus-wrapper\">C\u00d2 AS URRAINN P\u00c0IRT A GHABHAIL?<\/h2>\n\n\n\n<p class=\"eplus-wrapper\">Tha tagraidhean fosgailte do sgoilearan S1\u2013S4 ann am Foghlam tro Mheadhan na G\u00e0idhlig no aig a bheil fileantas sa Gh\u00e0idhlig.<\/p>\n\n\n\n<p class=\"eplus-wrapper\">idh 16 sgoilear gan taghadh \u2013 8 \u00e0s gach sg\u00ecre \u2013 airson p\u00e0irt a ghabhail san phr\u00f2gram.<\/p>\n\n\n\n<div style=\"height:20px\" aria-hidden=\"true\" class=\"wp-block-spacer eplus-wrapper\"><\/div>\n\n\n\n<div class=\"wp-block-media-text has-media-on-the-right is-stacked-on-mobile is-image-fill-element has-accent-5-background-color has-background eplus-wrapper\"><div class=\"wp-block-media-text__content\">\n<div style=\"height:20px\" aria-hidden=\"true\" class=\"wp-block-spacer eplus-wrapper\"><\/div>\n\n\n\n<h2 class=\"wp-block-heading eplus-wrapper\">D\u00c8 THA AN S\u00c0S?<\/h2>\n\n\n\n<p class=\"eplus-wrapper\">Tha am pr\u00f2gram a\u2019 ruith thar 6 m\u00ecosan, agus bheir e cothroman do luchd-p\u00e0irteachaidh:<\/p>\n\n\n\n<ul class=\"wp-block-list eplus-wrapper\">\n<li class=\"eplus-wrapper\">Dr\u00e0ma ionnsachadh tro mheadhan na G\u00e0idhlig<\/li>\n\n\n\n<li class=\"eplus-wrapper\">Misneachd is sgilean conaltraidh a thogail<\/li>\n\n\n\n<li class=\"eplus-wrapper\">P\u00e0irt a ghabhail ann an ceithir seiseanan-c\u00f2mhnaidh \u2013 a\u2019 siubhal, a\u2019 fuireach air falbh, agus ag obair gu dl\u00f9th le buill eile<\/li>\n\n\n\n<li class=\"eplus-wrapper\">Seiseanan air loidhne agus maighstirean-obrach le e\u00f2laichean dr\u00e0ma<\/li>\n\n\n\n<li class=\"eplus-wrapper\">Obair a dh\u2019ionnsaigh taisbeanadh be\u00f2 ann an taigh-cluiche proifeiseanta<\/li>\n<\/ul>\n\n\n\n<div style=\"height:20px\" aria-hidden=\"true\" class=\"wp-block-spacer eplus-wrapper\"><\/div>\n<\/div><figure class=\"wp-block-media-text__media\"><img decoding=\"async\" width=\"1024\" height=\"681\" src=\"https:\/\/theatreguleor.com\/wp-content\/uploads\/2025\/03\/1-Strabang-Oban-credit-Etive-Photography-1024x681.jpg\" alt=\"\" class=\"wp-image-1050 size-full\" style=\"object-position:50% 50%\" srcset=\"https:\/\/theatreguleor.com\/wp-content\/uploads\/2025\/03\/1-Strabang-Oban-credit-Etive-Photography-1024x681.jpg 1024w, https:\/\/theatreguleor.com\/wp-content\/uploads\/2025\/03\/1-Strabang-Oban-credit-Etive-Photography-300x200.jpg 300w, https:\/\/theatreguleor.com\/wp-content\/uploads\/2025\/03\/1-Strabang-Oban-credit-Etive-Photography-768x511.jpg 768w, https:\/\/theatreguleor.com\/wp-content\/uploads\/2025\/03\/1-Strabang-Oban-credit-Etive-Photography-50x33.jpg 50w, https:\/\/theatreguleor.com\/wp-content\/uploads\/2025\/03\/1-Strabang-Oban-credit-Etive-Photography-1600x1065.jpg 1600w, https:\/\/theatreguleor.com\/wp-content\/uploads\/2025\/03\/1-Strabang-Oban-credit-Etive-Photography-1536x1022.jpg 1536w, https:\/\/theatreguleor.com\/wp-content\/uploads\/2025\/03\/1-Strabang-Oban-credit-Etive-Photography-18x12.jpg 18w, https:\/\/theatreguleor.com\/wp-content\/uploads\/2025\/03\/1-Strabang-Oban-credit-Etive-Photography.jpg 2000w\" sizes=\"(max-width: 1024px) 100vw, 1024px\" \/><\/figure><\/div>\n\n\n\n<div style=\"height:20px\" aria-hidden=\"true\" class=\"wp-block-spacer eplus-wrapper\"><\/div>\n\n\n\n<h2 class=\"wp-block-heading eplus-wrapper\">CARSON A BU CH\u00d2IR DHUTSA P\u00c0IRT A GHABHAIL ANN AN STRABANG?<\/h2>\n\n\n\n<p class=\"eplus-wrapper\">Tha seo na chothrom s\u00f2nraichte do sgoilearan \u00f2ga \u00e0rd-sgoile a bhith an s\u00e0s ann an dr\u00e0ma G\u00e0idhlig \u2013 ge bith c\u00e0ite a bheil iad a\u2019 fuireach \u2013 agus sgilean ann an iomadach obair theatre a\u2019 leudachadh.<\/p>\n\n\n\n<p class=\"eplus-wrapper\">Bidh com-p\u00e0irtichean:<\/p>\n\n\n\n<ul class=\"wp-block-list eplus-wrapper\">\n<li class=\"eplus-wrapper\">A\u2019 coinneachadh ri daoine \u00f9ra is a\u2019 togail ch\u00e0irdeasan fad-beatha<\/li>\n\n\n\n<li class=\"eplus-wrapper\">Ag obair c\u00f2mhla gu cruthachail tro Gh\u00e0idhlig<\/li>\n\n\n\n<li class=\"eplus-wrapper\">A\u2019 leasachadh air ceangal eadar c\u00e0nan is cothroman ann an saoghal na h-ealain<\/li>\n<\/ul>\n\n\n\n<p class=\"eplus-wrapper\">Mar ph\u00e0irt den phr\u00f2gram, th\u00e8id a\u2019 bhuidheann gu l\u00e8ir gu Cille Mhoire, An t-Eilean Sgitheanach airson deireadh-sheachdain, a\u2019 fuireach aig Whitewave agus a\u2019 d\u00e8anamh atharrachaidhean aig Talla Coimhearsnachd Chille Mhoire.<\/p>\n\n\n\n<p class=\"eplus-wrapper\">Tha gach bliadhna gun samhail, le susbaint a tha freagarrach do na com-p\u00e0irtichean fh\u00e8in agus na rudan anns a bheil iad d\u00ecoghrasach.<\/p>\n\n\n\n<div style=\"height:20px\" aria-hidden=\"true\" class=\"wp-block-spacer eplus-wrapper\"><\/div>\n\n\n\n<h2 class=\"wp-block-heading eplus-wrapper\">COSGAISEAN AGUS TAIC<\/h2>\n\n\n\n<p class=\"eplus-wrapper\">Th\u00e8id cosgaisean siubhail, \u00e0ite-fuirich is b\u00ecdh uile a ph\u00e0igheadh le Theatre Gu Le\u00f2r, le taic mhaoineachaidh B\u00f2rd na G\u00e0idhlig.<\/p>\n\n\n\n<p class=\"eplus-wrapper\">Image credits: Ruairidh Galbraith, Etive Photography<\/p>","protected":false},"excerpt":{"rendered":"<p>Each year, between September and March, we deliver Strabang! the National Gaelic Youth Theatre.<\/p>","protected":false},"author":1,"featured_media":1048,"comment_status":"closed","ping_status":"open","sticky":false,"template":"","format":"standard","meta":{"footnotes":""},"categories":[108],"tags":[],"class_list":["post-390","post","type-post","status-publish","format-standard","has-post-thumbnail","hentry","category-projects"],"yoast_head":"<!-- This site is optimized with the Yoast SEO plugin v27.4 - https:\/\/yoast.com\/product\/yoast-seo-wordpress\/ -->\n<title>Strabang! - Theatre Gu Le\u00f2r<\/title>\n<meta name=\"robots\" content=\"index, follow, max-snippet:-1, max-image-preview:large, max-video-preview:-1\" \/>\n<link rel=\"canonical\" href=\"https:\/\/theatreguleor.com\/gd\/strabang\/\" \/>\n<meta property=\"og:locale\" content=\"en_US\" \/>\n<meta property=\"og:type\" content=\"article\" \/>\n<meta property=\"og:title\" content=\"Strabang! - Theatre Gu Le\u00f2r\" \/>\n<meta property=\"og:description\" content=\"Each year, between September and March, we deliver Strabang! the National Gaelic Youth Theatre.\" \/>\n<meta property=\"og:url\" content=\"https:\/\/theatreguleor.com\/gd\/strabang\/\" \/>\n<meta property=\"og:site_name\" content=\"Theatre Gu Le\u00f2r\" \/>\n<meta property=\"article:publisher\" content=\"https:\/\/www.facebook.com\/theatreguleor\" \/>\n<meta property=\"article:published_time\" content=\"2025-03-17T16:13:54+00:00\" \/>\n<meta property=\"article:modified_time\" content=\"2026-04-16T10:57:56+00:00\" \/>\n<meta property=\"og:image\" content=\"https:\/\/theatreguleor.com\/wp-content\/uploads\/2025\/03\/3-Strabang-Oban-credit-Etive-Photography.jpg\" \/>\n\t<meta property=\"og:image:width\" content=\"2000\" \/>\n\t<meta property=\"og:image:height\" content=\"1331\" \/>\n\t<meta property=\"og:image:type\" content=\"image\/jpeg\" \/>\n<meta name=\"author\" content=\"admin\" \/>\n<meta name=\"twitter:card\" content=\"summary_large_image\" \/>\n<meta name=\"twitter:label1\" content=\"Written by\" \/>\n\t<meta name=\"twitter:data1\" content=\"admin\" \/>\n\t<meta name=\"twitter:label2\" content=\"Est. reading time\" \/>\n\t<meta name=\"twitter:data2\" content=\"3 minutes\" \/>\n<script type=\"application\/ld+json\" class=\"yoast-schema-graph\">{\"@context\":\"https:\\\/\\\/schema.org\",\"@graph\":[{\"@type\":\"Article\",\"@id\":\"https:\\\/\\\/theatreguleor.com\\\/strabang\\\/#article\",\"isPartOf\":{\"@id\":\"https:\\\/\\\/theatreguleor.com\\\/strabang\\\/\"},\"author\":{\"name\":\"admin\",\"@id\":\"https:\\\/\\\/theatreguleor.com\\\/#\\\/schema\\\/person\\\/dd3373f5fc313507996747d41669b404\"},\"headline\":\"Strabang!\",\"datePublished\":\"2025-03-17T16:13:54+00:00\",\"dateModified\":\"2026-04-16T10:57:56+00:00\",\"mainEntityOfPage\":{\"@id\":\"https:\\\/\\\/theatreguleor.com\\\/strabang\\\/\"},\"wordCount\":384,\"publisher\":{\"@id\":\"https:\\\/\\\/theatreguleor.com\\\/#organization\"},\"image\":{\"@id\":\"https:\\\/\\\/theatreguleor.com\\\/strabang\\\/#primaryimage\"},\"thumbnailUrl\":\"https:\\\/\\\/theatreguleor.com\\\/wp-content\\\/uploads\\\/2025\\\/03\\\/3-Strabang-Oban-credit-Etive-Photography.jpg\",\"articleSection\":[\"Projects\"],\"inLanguage\":\"gd\"},{\"@type\":\"WebPage\",\"@id\":\"https:\\\/\\\/theatreguleor.com\\\/strabang\\\/\",\"url\":\"https:\\\/\\\/theatreguleor.com\\\/strabang\\\/\",\"name\":\"Strabang! - Theatre Gu Le\u00f2r\",\"isPartOf\":{\"@id\":\"https:\\\/\\\/theatreguleor.com\\\/#website\"},\"primaryImageOfPage\":{\"@id\":\"https:\\\/\\\/theatreguleor.com\\\/strabang\\\/#primaryimage\"},\"image\":{\"@id\":\"https:\\\/\\\/theatreguleor.com\\\/strabang\\\/#primaryimage\"},\"thumbnailUrl\":\"https:\\\/\\\/theatreguleor.com\\\/wp-content\\\/uploads\\\/2025\\\/03\\\/3-Strabang-Oban-credit-Etive-Photography.jpg\",\"datePublished\":\"2025-03-17T16:13:54+00:00\",\"dateModified\":\"2026-04-16T10:57:56+00:00\",\"breadcrumb\":{\"@id\":\"https:\\\/\\\/theatreguleor.com\\\/strabang\\\/#breadcrumb\"},\"inLanguage\":\"gd\",\"potentialAction\":[{\"@type\":\"ReadAction\",\"target\":[\"https:\\\/\\\/theatreguleor.com\\\/strabang\\\/\"]}]},{\"@type\":\"ImageObject\",\"inLanguage\":\"gd\",\"@id\":\"https:\\\/\\\/theatreguleor.com\\\/strabang\\\/#primaryimage\",\"url\":\"https:\\\/\\\/theatreguleor.com\\\/wp-content\\\/uploads\\\/2025\\\/03\\\/3-Strabang-Oban-credit-Etive-Photography.jpg\",\"contentUrl\":\"https:\\\/\\\/theatreguleor.com\\\/wp-content\\\/uploads\\\/2025\\\/03\\\/3-Strabang-Oban-credit-Etive-Photography.jpg\",\"width\":2000,\"height\":1331},{\"@type\":\"BreadcrumbList\",\"@id\":\"https:\\\/\\\/theatreguleor.com\\\/strabang\\\/#breadcrumb\",\"itemListElement\":[{\"@type\":\"ListItem\",\"position\":1,\"name\":\"Home\",\"item\":\"https:\\\/\\\/theatreguleor.com\\\/\"},{\"@type\":\"ListItem\",\"position\":2,\"name\":\"Strabang!\"}]},{\"@type\":\"WebSite\",\"@id\":\"https:\\\/\\\/theatreguleor.com\\\/#website\",\"url\":\"https:\\\/\\\/theatreguleor.com\\\/\",\"name\":\"Theatre Gu Le\u00f2r\",\"description\":\"Contemporary G\u00e0idhlig Theatre\",\"publisher\":{\"@id\":\"https:\\\/\\\/theatreguleor.com\\\/#organization\"},\"potentialAction\":[{\"@type\":\"SearchAction\",\"target\":{\"@type\":\"EntryPoint\",\"urlTemplate\":\"https:\\\/\\\/theatreguleor.com\\\/?s={search_term_string}\"},\"query-input\":{\"@type\":\"PropertyValueSpecification\",\"valueRequired\":true,\"valueName\":\"search_term_string\"}}],\"inLanguage\":\"gd\"},{\"@type\":\"Organization\",\"@id\":\"https:\\\/\\\/theatreguleor.com\\\/#organization\",\"name\":\"Theatre Gu Le\u00f2r\",\"url\":\"https:\\\/\\\/theatreguleor.com\\\/\",\"logo\":{\"@type\":\"ImageObject\",\"inLanguage\":\"gd\",\"@id\":\"https:\\\/\\\/theatreguleor.com\\\/#\\\/schema\\\/logo\\\/image\\\/\",\"url\":\"https:\\\/\\\/theatreguleor.com\\\/wp-content\\\/uploads\\\/2025\\\/10\\\/theatreuleorlogo.png\",\"contentUrl\":\"https:\\\/\\\/theatreguleor.com\\\/wp-content\\\/uploads\\\/2025\\\/10\\\/theatreuleorlogo.png\",\"width\":386,\"height\":84,\"caption\":\"Theatre Gu Le\u00f2r\"},\"image\":{\"@id\":\"https:\\\/\\\/theatreguleor.com\\\/#\\\/schema\\\/logo\\\/image\\\/\"},\"sameAs\":[\"https:\\\/\\\/www.facebook.com\\\/theatreguleor\",\"https:\\\/\\\/www.instagram.com\\\/theatre.gu.leor\"]},{\"@type\":\"Person\",\"@id\":\"https:\\\/\\\/theatreguleor.com\\\/#\\\/schema\\\/person\\\/dd3373f5fc313507996747d41669b404\",\"name\":\"admin\",\"image\":{\"@type\":\"ImageObject\",\"inLanguage\":\"gd\",\"@id\":\"https:\\\/\\\/secure.gravatar.com\\\/avatar\\\/8ffb9b7c69a09271502268cde44eeb847ea81be769d6555bcf48bf5bd65fa1af?s=96&d=mm&r=g\",\"url\":\"https:\\\/\\\/secure.gravatar.com\\\/avatar\\\/8ffb9b7c69a09271502268cde44eeb847ea81be769d6555bcf48bf5bd65fa1af?s=96&d=mm&r=g\",\"contentUrl\":\"https:\\\/\\\/secure.gravatar.com\\\/avatar\\\/8ffb9b7c69a09271502268cde44eeb847ea81be769d6555bcf48bf5bd65fa1af?s=96&d=mm&r=g\",\"caption\":\"admin\"},\"sameAs\":[\"https:\\\/\\\/theatreguleor.com\"],\"url\":\"https:\\\/\\\/theatreguleor.com\\\/gd\\\/author\\\/theatreguleororg\\\/\"}]}<\/script>\n<!-- \/ Yoast SEO plugin. -->","yoast_head_json":{"title":"Strabang! - Theatre Gu Le\u00f2r","robots":{"index":"index","follow":"follow","max-snippet":"max-snippet:-1","max-image-preview":"max-image-preview:large","max-video-preview":"max-video-preview:-1"},"canonical":"https:\/\/theatreguleor.com\/gd\/strabang\/","og_locale":"en_US","og_type":"article","og_title":"Strabang! - Theatre Gu Le\u00f2r","og_description":"Each year, between September and March, we deliver Strabang! the National Gaelic Youth Theatre.","og_url":"https:\/\/theatreguleor.com\/gd\/strabang\/","og_site_name":"Theatre Gu Le\u00f2r","article_publisher":"https:\/\/www.facebook.com\/theatreguleor","article_published_time":"2025-03-17T16:13:54+00:00","article_modified_time":"2026-04-16T10:57:56+00:00","og_image":[{"width":2000,"height":1331,"url":"https:\/\/theatreguleor.com\/wp-content\/uploads\/2025\/03\/3-Strabang-Oban-credit-Etive-Photography.jpg","type":"image\/jpeg"}],"author":"admin","twitter_card":"summary_large_image","twitter_misc":{"Written by":"admin","Est. reading time":"3 minutes"},"schema":{"@context":"https:\/\/schema.org","@graph":[{"@type":"Article","@id":"https:\/\/theatreguleor.com\/strabang\/#article","isPartOf":{"@id":"https:\/\/theatreguleor.com\/strabang\/"},"author":{"name":"admin","@id":"https:\/\/theatreguleor.com\/#\/schema\/person\/dd3373f5fc313507996747d41669b404"},"headline":"Strabang!","datePublished":"2025-03-17T16:13:54+00:00","dateModified":"2026-04-16T10:57:56+00:00","mainEntityOfPage":{"@id":"https:\/\/theatreguleor.com\/strabang\/"},"wordCount":384,"publisher":{"@id":"https:\/\/theatreguleor.com\/#organization"},"image":{"@id":"https:\/\/theatreguleor.com\/strabang\/#primaryimage"},"thumbnailUrl":"https:\/\/theatreguleor.com\/wp-content\/uploads\/2025\/03\/3-Strabang-Oban-credit-Etive-Photography.jpg","articleSection":["Projects"],"inLanguage":"gd"},{"@type":"WebPage","@id":"https:\/\/theatreguleor.com\/strabang\/","url":"https:\/\/theatreguleor.com\/strabang\/","name":"Strabang! - Theatre Gu Le\u00f2r","isPartOf":{"@id":"https:\/\/theatreguleor.com\/#website"},"primaryImageOfPage":{"@id":"https:\/\/theatreguleor.com\/strabang\/#primaryimage"},"image":{"@id":"https:\/\/theatreguleor.com\/strabang\/#primaryimage"},"thumbnailUrl":"https:\/\/theatreguleor.com\/wp-content\/uploads\/2025\/03\/3-Strabang-Oban-credit-Etive-Photography.jpg","datePublished":"2025-03-17T16:13:54+00:00","dateModified":"2026-04-16T10:57:56+00:00","breadcrumb":{"@id":"https:\/\/theatreguleor.com\/strabang\/#breadcrumb"},"inLanguage":"gd","potentialAction":[{"@type":"ReadAction","target":["https:\/\/theatreguleor.com\/strabang\/"]}]},{"@type":"ImageObject","inLanguage":"gd","@id":"https:\/\/theatreguleor.com\/strabang\/#primaryimage","url":"https:\/\/theatreguleor.com\/wp-content\/uploads\/2025\/03\/3-Strabang-Oban-credit-Etive-Photography.jpg","contentUrl":"https:\/\/theatreguleor.com\/wp-content\/uploads\/2025\/03\/3-Strabang-Oban-credit-Etive-Photography.jpg","width":2000,"height":1331},{"@type":"BreadcrumbList","@id":"https:\/\/theatreguleor.com\/strabang\/#breadcrumb","itemListElement":[{"@type":"ListItem","position":1,"name":"Home","item":"https:\/\/theatreguleor.com\/"},{"@type":"ListItem","position":2,"name":"Strabang!"}]},{"@type":"WebSite","@id":"https:\/\/theatreguleor.com\/#website","url":"https:\/\/theatreguleor.com\/","name":"Theatre Gu Le\u00f2r","description":"Contemporary G\u00e0idhlig Theatre","publisher":{"@id":"https:\/\/theatreguleor.com\/#organization"},"potentialAction":[{"@type":"SearchAction","target":{"@type":"EntryPoint","urlTemplate":"https:\/\/theatreguleor.com\/?s={search_term_string}"},"query-input":{"@type":"PropertyValueSpecification","valueRequired":true,"valueName":"search_term_string"}}],"inLanguage":"gd"},{"@type":"Organization","@id":"https:\/\/theatreguleor.com\/#organization","name":"Theatre Gu Le\u00f2r","url":"https:\/\/theatreguleor.com\/","logo":{"@type":"ImageObject","inLanguage":"gd","@id":"https:\/\/theatreguleor.com\/#\/schema\/logo\/image\/","url":"https:\/\/theatreguleor.com\/wp-content\/uploads\/2025\/10\/theatreuleorlogo.png","contentUrl":"https:\/\/theatreguleor.com\/wp-content\/uploads\/2025\/10\/theatreuleorlogo.png","width":386,"height":84,"caption":"Theatre Gu Le\u00f2r"},"image":{"@id":"https:\/\/theatreguleor.com\/#\/schema\/logo\/image\/"},"sameAs":["https:\/\/www.facebook.com\/theatreguleor","https:\/\/www.instagram.com\/theatre.gu.leor"]},{"@type":"Person","@id":"https:\/\/theatreguleor.com\/#\/schema\/person\/dd3373f5fc313507996747d41669b404","name":"admin","image":{"@type":"ImageObject","inLanguage":"gd","@id":"https:\/\/secure.gravatar.com\/avatar\/8ffb9b7c69a09271502268cde44eeb847ea81be769d6555bcf48bf5bd65fa1af?s=96&d=mm&r=g","url":"https:\/\/secure.gravatar.com\/avatar\/8ffb9b7c69a09271502268cde44eeb847ea81be769d6555bcf48bf5bd65fa1af?s=96&d=mm&r=g","contentUrl":"https:\/\/secure.gravatar.com\/avatar\/8ffb9b7c69a09271502268cde44eeb847ea81be769d6555bcf48bf5bd65fa1af?s=96&d=mm&r=g","caption":"admin"},"sameAs":["https:\/\/theatreguleor.com"],"url":"https:\/\/theatreguleor.com\/gd\/author\/theatreguleororg\/"}]}},"_links":{"self":[{"href":"https:\/\/theatreguleor.com\/gd\/wp-json\/wp\/v2\/posts\/390","targetHints":{"allow":["GET"]}}],"collection":[{"href":"https:\/\/theatreguleor.com\/gd\/wp-json\/wp\/v2\/posts"}],"about":[{"href":"https:\/\/theatreguleor.com\/gd\/wp-json\/wp\/v2\/types\/post"}],"author":[{"embeddable":true,"href":"https:\/\/theatreguleor.com\/gd\/wp-json\/wp\/v2\/users\/1"}],"replies":[{"embeddable":true,"href":"https:\/\/theatreguleor.com\/gd\/wp-json\/wp\/v2\/comments?post=390"}],"version-history":[{"count":10,"href":"https:\/\/theatreguleor.com\/gd\/wp-json\/wp\/v2\/posts\/390\/revisions"}],"predecessor-version":[{"id":1419,"href":"https:\/\/theatreguleor.com\/gd\/wp-json\/wp\/v2\/posts\/390\/revisions\/1419"}],"wp:featuredmedia":[{"embeddable":true,"href":"https:\/\/theatreguleor.com\/gd\/wp-json\/wp\/v2\/media\/1048"}],"wp:attachment":[{"href":"https:\/\/theatreguleor.com\/gd\/wp-json\/wp\/v2\/media?parent=390"}],"wp:term":[{"taxonomy":"category","embeddable":true,"href":"https:\/\/theatreguleor.com\/gd\/wp-json\/wp\/v2\/categories?post=390"},{"taxonomy":"post_tag","embeddable":true,"href":"https:\/\/theatreguleor.com\/gd\/wp-json\/wp\/v2\/tags?post=390"}],"curies":[{"name":"wp","href":"https:\/\/api.w.org\/{rel}","templated":true}]}}